{"id":640,"date":"2021-10-13T17:18:00","date_gmt":"2021-10-13T15:18:00","guid":{"rendered":"https:\/\/people.unipi.it\/marco_dantraccoli\/?p=640"},"modified":"2025-10-17T10:12:08","modified_gmt":"2025-10-17T08:12:08","slug":"concluso-il-primo-congresso-sugli-orti-botanici-a-lisbona","status":"publish","type":"post","link":"https:\/\/people.unipi.it\/marco_dantraccoli\/concluso-il-primo-congresso-sugli-orti-botanici-a-lisbona\/","title":{"rendered":"Concluso il primo congresso sugli Orti Botanici storici a Lisbona!"},"content":{"rendered":"\n<p class=\"wp-block-paragraph\">Il nostro Orto Botanico ha partecipato al <em><strong>1st International Congress of Historic Botanical Gardens<\/strong><\/em>, tenutosi al Museu Nacional de Hist\u00f3ria Natural e da Ci\u00eancia\/Museus da Universidade de Lisboa (MUHNAC\/MULisboa) da luned\u00ec 11 fino a gioved\u00ec 13 ottobre 2024.<\/p>\n\n\n\n<p class=\"wp-block-paragraph\">Qui il programma del congresso: <a href=\"https:\/\/historicalbotanicgardenscongress.org\/programme-2\/\"><strong>LINK<\/strong><\/a>.<\/p>\n\n\n\n<p class=\"wp-block-paragraph\">Abbiamo presentato con un contributo dal titolo &#8220;<strong>The Botanic Garden of Pisa: from the invention of the academic botanic gardens until today<\/strong>&#8220;, volto a ripercorrere la storia della nostra istituzione, primo orto botanico al mondo per data di fondazione (1543). Oltre agli aspetti storici, sono state descritte brevemente le caratteristiche principali inerenti alla configurazione e al funzionamento dell&#8217;orto botanico, secondo la propria missione istituzionale di documentazione delle collezioni, ricerca scientifica, conservazione della biodiversit\u00e0, fino alle tematiche di sostenibilit\u00e0 ambientale ed inclusione sociale. L&#8217;intera presentazione \u00e8 disponibile <a href=\"https:\/\/www.researchgate.net\/publication\/355165100_The_Botanic_Garden_of_Pisa_from_the_invention_of_the_academic_botanic_gardens_until_today\"><strong>qui<\/strong><\/a>, mentre qui sotto due immagine della relazione orale:<\/p>\n\n\n\n<figure class=\"wp-block-gallery has-nested-images columns-default is-cropped wp-block-gallery-1 is-layout-flex wp-block-gallery-is-layout-flex\">\n<figure class=\"wp-block-image size-large\"><a href=\"https:\/\/people.unipi.it\/marco_dantraccoli\/wp-content\/uploads\/sites\/639\/2024\/07\/316959348_116797461250882_8352421997842751893_n-1.jpg\"><img loading=\"lazy\" decoding=\"async\" width=\"1024\" height=\"564\" data-id=\"652\" src=\"https:\/\/people.unipi.it\/marco_dantraccoli\/wp-content\/uploads\/sites\/639\/2024\/07\/316959348_116797461250882_8352421997842751893_n-1-1024x564.jpg\" alt=\"\" class=\"wp-image-652\" srcset=\"https:\/\/people.unipi.it\/marco_dantraccoli\/wp-content\/uploads\/sites\/639\/2024\/07\/316959348_116797461250882_8352421997842751893_n-1-1024x564.jpg 1024w, https:\/\/people.unipi.it\/marco_dantraccoli\/wp-content\/uploads\/sites\/639\/2024\/07\/316959348_116797461250882_8352421997842751893_n-1-300x165.jpg 300w, https:\/\/people.unipi.it\/marco_dantraccoli\/wp-content\/uploads\/sites\/639\/2024\/07\/316959348_116797461250882_8352421997842751893_n-1-768x423.jpg 768w, https:\/\/people.unipi.it\/marco_dantraccoli\/wp-content\/uploads\/sites\/639\/2024\/07\/316959348_116797461250882_8352421997842751893_n-1.jpg 1080w\" sizes=\"auto, (max-width: 1024px) 100vw, 1024px\" \/><\/a><\/figure>\n\n\n\n<figure class=\"wp-block-image size-large\"><a href=\"https:\/\/people.unipi.it\/marco_dantraccoli\/wp-content\/uploads\/sites\/639\/2024\/07\/394304609_292595277004432_6462769692571141714_n-2.jpg\"><img loading=\"lazy\" decoding=\"async\" width=\"826\" height=\"1024\" data-id=\"654\" src=\"https:\/\/people.unipi.it\/marco_dantraccoli\/wp-content\/uploads\/sites\/639\/2024\/07\/394304609_292595277004432_6462769692571141714_n-2-826x1024.jpg\" alt=\"\" class=\"wp-image-654\" srcset=\"https:\/\/people.unipi.it\/marco_dantraccoli\/wp-content\/uploads\/sites\/639\/2024\/07\/394304609_292595277004432_6462769692571141714_n-2-826x1024.jpg 826w, https:\/\/people.unipi.it\/marco_dantraccoli\/wp-content\/uploads\/sites\/639\/2024\/07\/394304609_292595277004432_6462769692571141714_n-2-242x300.jpg 242w, https:\/\/people.unipi.it\/marco_dantraccoli\/wp-content\/uploads\/sites\/639\/2024\/07\/394304609_292595277004432_6462769692571141714_n-2-768x952.jpg 768w, https:\/\/people.unipi.it\/marco_dantraccoli\/wp-content\/uploads\/sites\/639\/2024\/07\/394304609_292595277004432_6462769692571141714_n-2.jpg 979w\" sizes=\"auto, (max-width: 826px) 100vw, 826px\" \/><\/a><\/figure>\n<\/figure>\n\n\n\n<p class=\"wp-block-paragraph\">In occasione del congresso c&#8217;\u00e8 stata anche occasione di una piacevole visita al <strong>Jardim Bot\u00e2nico da Universidade de Lisboa<\/strong>. Alcune foto qui sotto:<\/p>\n\n\n\n<figure class=\"wp-block-gallery has-nested-images columns-default is-cropped wp-block-gallery-2 is-layout-flex wp-block-gallery-is-layout-flex\">\n<figure class=\"wp-block-image size-large\"><a href=\"https:\/\/people.unipi.it\/marco_dantraccoli\/wp-content\/uploads\/sites\/639\/2024\/07\/lisbo5.jpg\"><img loading=\"lazy\" decoding=\"async\" width=\"1024\" height=\"747\" data-id=\"645\" src=\"https:\/\/people.unipi.it\/marco_dantraccoli\/wp-content\/uploads\/sites\/639\/2024\/07\/lisbo5-1024x747.jpg\" alt=\"\" class=\"wp-image-645\" srcset=\"https:\/\/people.unipi.it\/marco_dantraccoli\/wp-content\/uploads\/sites\/639\/2024\/07\/lisbo5-1024x747.jpg 1024w, https:\/\/people.unipi.it\/marco_dantraccoli\/wp-content\/uploads\/sites\/639\/2024\/07\/lisbo5-300x219.jpg 300w, https:\/\/people.unipi.it\/marco_dantraccoli\/wp-content\/uploads\/sites\/639\/2024\/07\/lisbo5-768x560.jpg 768w, https:\/\/people.unipi.it\/marco_dantraccoli\/wp-content\/uploads\/sites\/639\/2024\/07\/lisbo5-1536x1121.jpg 1536w, https:\/\/people.unipi.it\/marco_dantraccoli\/wp-content\/uploads\/sites\/639\/2024\/07\/lisbo5.jpg 2048w\" sizes=\"auto, (max-width: 1024px) 100vw, 1024px\" \/><\/a><\/figure>\n\n\n\n<figure class=\"wp-block-image size-large\"><a href=\"https:\/\/people.unipi.it\/marco_dantraccoli\/wp-content\/uploads\/sites\/639\/2024\/07\/lisbo6.jpg\"><img loading=\"lazy\" decoding=\"async\" width=\"716\" height=\"1024\" data-id=\"646\" src=\"https:\/\/people.unipi.it\/marco_dantraccoli\/wp-content\/uploads\/sites\/639\/2024\/07\/lisbo6-716x1024.jpg\" alt=\"\" class=\"wp-image-646\" srcset=\"https:\/\/people.unipi.it\/marco_dantraccoli\/wp-content\/uploads\/sites\/639\/2024\/07\/lisbo6-716x1024.jpg 716w, https:\/\/people.unipi.it\/marco_dantraccoli\/wp-content\/uploads\/sites\/639\/2024\/07\/lisbo6-210x300.jpg 210w, https:\/\/people.unipi.it\/marco_dantraccoli\/wp-content\/uploads\/sites\/639\/2024\/07\/lisbo6-768x1099.jpg 768w, https:\/\/people.unipi.it\/marco_dantraccoli\/wp-content\/uploads\/sites\/639\/2024\/07\/lisbo6-1073x1536.jpg 1073w, https:\/\/people.unipi.it\/marco_dantraccoli\/wp-content\/uploads\/sites\/639\/2024\/07\/lisbo6.jpg 1431w\" sizes=\"auto, (max-width: 716px) 100vw, 716px\" \/><\/a><\/figure>\n\n\n\n<figure class=\"wp-block-image size-large\"><a href=\"https:\/\/people.unipi.it\/marco_dantraccoli\/wp-content\/uploads\/sites\/639\/2024\/07\/lisbo4.jpg\"><img loading=\"lazy\" decoding=\"async\" width=\"954\" height=\"1024\" data-id=\"647\" src=\"https:\/\/people.unipi.it\/marco_dantraccoli\/wp-content\/uploads\/sites\/639\/2024\/07\/lisbo4-954x1024.jpg\" alt=\"\" class=\"wp-image-647\" srcset=\"https:\/\/people.unipi.it\/marco_dantraccoli\/wp-content\/uploads\/sites\/639\/2024\/07\/lisbo4-954x1024.jpg 954w, https:\/\/people.unipi.it\/marco_dantraccoli\/wp-content\/uploads\/sites\/639\/2024\/07\/lisbo4-279x300.jpg 279w, https:\/\/people.unipi.it\/marco_dantraccoli\/wp-content\/uploads\/sites\/639\/2024\/07\/lisbo4-768x824.jpg 768w, https:\/\/people.unipi.it\/marco_dantraccoli\/wp-content\/uploads\/sites\/639\/2024\/07\/lisbo4-1431x1536.jpg 1431w, https:\/\/people.unipi.it\/marco_dantraccoli\/wp-content\/uploads\/sites\/639\/2024\/07\/lisbo4.jpg 1908w\" sizes=\"auto, (max-width: 954px) 100vw, 954px\" \/><\/a><\/figure>\n\n\n\n<figure class=\"wp-block-image size-large\"><a href=\"https:\/\/people.unipi.it\/marco_dantraccoli\/wp-content\/uploads\/sites\/639\/2024\/07\/lisbo3-1.jpg\"><img loading=\"lazy\" decoding=\"async\" width=\"960\" height=\"720\" data-id=\"644\" src=\"https:\/\/people.unipi.it\/marco_dantraccoli\/wp-content\/uploads\/sites\/639\/2024\/07\/lisbo3-1.jpg\" alt=\"\" class=\"wp-image-644\" srcset=\"https:\/\/people.unipi.it\/marco_dantraccoli\/wp-content\/uploads\/sites\/639\/2024\/07\/lisbo3-1.jpg 960w, https:\/\/people.unipi.it\/marco_dantraccoli\/wp-content\/uploads\/sites\/639\/2024\/07\/lisbo3-1-300x225.jpg 300w, https:\/\/people.unipi.it\/marco_dantraccoli\/wp-content\/uploads\/sites\/639\/2024\/07\/lisbo3-1-768x576.jpg 768w\" sizes=\"auto, (max-width: 960px) 100vw, 960px\" \/><\/a><\/figure>\n\n\n\n<figure class=\"wp-block-image size-large\"><a href=\"https:\/\/people.unipi.it\/marco_dantraccoli\/wp-content\/uploads\/sites\/639\/2024\/07\/lisbo2-1.jpg\"><img loading=\"lazy\" decoding=\"async\" width=\"790\" height=\"960\" data-id=\"648\" src=\"https:\/\/people.unipi.it\/marco_dantraccoli\/wp-content\/uploads\/sites\/639\/2024\/07\/lisbo2-1.jpg\" alt=\"\" class=\"wp-image-648\" srcset=\"https:\/\/people.unipi.it\/marco_dantraccoli\/wp-content\/uploads\/sites\/639\/2024\/07\/lisbo2-1.jpg 790w, https:\/\/people.unipi.it\/marco_dantraccoli\/wp-content\/uploads\/sites\/639\/2024\/07\/lisbo2-1-247x300.jpg 247w, https:\/\/people.unipi.it\/marco_dantraccoli\/wp-content\/uploads\/sites\/639\/2024\/07\/lisbo2-1-768x933.jpg 768w\" sizes=\"auto, (max-width: 790px) 100vw, 790px\" \/><\/a><\/figure>\n\n\n\n<figure class=\"wp-block-image size-large\"><a href=\"https:\/\/people.unipi.it\/marco_dantraccoli\/wp-content\/uploads\/sites\/639\/2024\/07\/lisbo1-1.jpg\"><img loading=\"lazy\" decoding=\"async\" width=\"1024\" height=\"686\" data-id=\"649\" src=\"https:\/\/people.unipi.it\/marco_dantraccoli\/wp-content\/uploads\/sites\/639\/2024\/07\/lisbo1-1-1024x686.jpg\" alt=\"\" class=\"wp-image-649\" srcset=\"https:\/\/people.unipi.it\/marco_dantraccoli\/wp-content\/uploads\/sites\/639\/2024\/07\/lisbo1-1-1024x686.jpg 1024w, https:\/\/people.unipi.it\/marco_dantraccoli\/wp-content\/uploads\/sites\/639\/2024\/07\/lisbo1-1-300x201.jpg 300w, https:\/\/people.unipi.it\/marco_dantraccoli\/wp-content\/uploads\/sites\/639\/2024\/07\/lisbo1-1-768x514.jpg 768w, https:\/\/people.unipi.it\/marco_dantraccoli\/wp-content\/uploads\/sites\/639\/2024\/07\/lisbo1-1-1536x1028.jpg 1536w, https:\/\/people.unipi.it\/marco_dantraccoli\/wp-content\/uploads\/sites\/639\/2024\/07\/lisbo1-1.jpg 2048w\" sizes=\"auto, (max-width: 1024px) 100vw, 1024px\" \/><\/a><\/figure>\n<\/figure>\n\n\n\n<p class=\"wp-block-paragraph\">Qualche momento conviviale e sociale del congresso, in uno stupendo pub nel centro di Lisbona:<\/p>\n\n\n\n<figure class=\"wp-block-gallery has-nested-images columns-default is-cropped wp-block-gallery-3 is-layout-flex wp-block-gallery-is-layout-flex\">\n<figure class=\"wp-block-image size-large\"><a href=\"https:\/\/people.unipi.it\/marco_dantraccoli\/wp-content\/uploads\/sites\/639\/2024\/07\/317256310_116764964587465_4734952136575941979_n.jpg\"><img loading=\"lazy\" decoding=\"async\" width=\"960\" height=\"720\" data-id=\"661\" src=\"https:\/\/people.unipi.it\/marco_dantraccoli\/wp-content\/uploads\/sites\/639\/2024\/07\/317256310_116764964587465_4734952136575941979_n.jpg\" alt=\"\" class=\"wp-image-661\" srcset=\"https:\/\/people.unipi.it\/marco_dantraccoli\/wp-content\/uploads\/sites\/639\/2024\/07\/317256310_116764964587465_4734952136575941979_n.jpg 960w, https:\/\/people.unipi.it\/marco_dantraccoli\/wp-content\/uploads\/sites\/639\/2024\/07\/317256310_116764964587465_4734952136575941979_n-300x225.jpg 300w, https:\/\/people.unipi.it\/marco_dantraccoli\/wp-content\/uploads\/sites\/639\/2024\/07\/317256310_116764964587465_4734952136575941979_n-768x576.jpg 768w\" sizes=\"auto, (max-width: 960px) 100vw, 960px\" \/><\/a><\/figure>\n\n\n\n<figure class=\"wp-block-image size-large\"><a href=\"https:\/\/people.unipi.it\/marco_dantraccoli\/wp-content\/uploads\/sites\/639\/2024\/07\/317366569_116765301254098_3520239623316189197_n.jpg\"><img loading=\"lazy\" decoding=\"async\" width=\"960\" height=\"783\" data-id=\"660\" src=\"https:\/\/people.unipi.it\/marco_dantraccoli\/wp-content\/uploads\/sites\/639\/2024\/07\/317366569_116765301254098_3520239623316189197_n.jpg\" alt=\"\" class=\"wp-image-660\" srcset=\"https:\/\/people.unipi.it\/marco_dantraccoli\/wp-content\/uploads\/sites\/639\/2024\/07\/317366569_116765301254098_3520239623316189197_n.jpg 960w, https:\/\/people.unipi.it\/marco_dantraccoli\/wp-content\/uploads\/sites\/639\/2024\/07\/317366569_116765301254098_3520239623316189197_n-300x245.jpg 300w, https:\/\/people.unipi.it\/marco_dantraccoli\/wp-content\/uploads\/sites\/639\/2024\/07\/317366569_116765301254098_3520239623316189197_n-768x626.jpg 768w\" sizes=\"auto, (max-width: 960px) 100vw, 960px\" \/><\/a><\/figure>\n<\/figure>\n\n\n\n<p class=\"wp-block-paragraph\">I lavori si sono conclusi riepilogando i temi trattati nei vari simposi e i vari <em>highlights<\/em>:<\/p>\n\n\n\n<ul class=\"wp-block-list\">\n<li>Orti Botanici storici (casi studio e definizioni)<\/li>\n\n\n\n<li>Orti Botanici e introduzione di specie importanti dal punto di vista economico<\/li>\n\n\n\n<li>La storia \u00e8 adesso: documentare e proteggere gli orti botanici contemporanei per i posteri<\/li>\n\n\n\n<li>La gestione degli orti botanici storici (problemi e questioni), preservando il passato ma garantendo le necessit\u00e0 attuali<\/li>\n\n\n\n<li>Opportunit\u00e0 di turismo per gli orti botanici storici<\/li>\n<\/ul>\n\n\n\n<p class=\"wp-block-paragraph\">La tavola rotonda finale ha discusso ed esplorato la redazione della definizione di &#8220;orto botanico storico&#8221;, arrivando infine a questa enunciazione:<\/p>\n\n\n\n<p class=\"wp-block-paragraph\">&#8220;<strong>Un orto botanico accessibile e utile al pubblico, testimonianza della storia delle Scienze, con un valore storico riconosciuto e documentato che ha conservato autenticit\u00e0 e integrit\u00e0.<\/strong>&#8221; [Orginal version: &#8220;Historic Botanical Garden: a Botanic Garden accessible to and useful for the public, being a testimonial for the history of Sciences, with recognized and documented historical value that has preserved authenticity and integrity&#8221;].<\/p>\n\n\n\n<p class=\"wp-block-paragraph\"><\/p>\n","protected":false},"excerpt":{"rendered":"<p>Il nostro Orto Botanico ha partecipato al 1st International Congress of Historic Botanical Gardens, tenutosi al Museu Nacional de Hist\u00f3ria&hellip;<\/p>\n<p><a class=\"btn btn-dark btn-sm unipi-read-more-link\" href=\"https:\/\/people.unipi.it\/marco_dantraccoli\/concluso-il-primo-congresso-sugli-orti-botanici-a-lisbona\/\">Leggi tutto&#8230;<\/a><\/p>\n","protected":false},"author":674,"featured_media":0,"comment_status":"closed","ping_status":"closed","sticky":false,"template":"","format":"standard","meta":{"_acf_changed":false,"footnotes":""},"categories":[3],"tags":[],"class_list":["post-640","post","type-post","status-publish","format-standard","hentry","category-news"],"acf":[],"featured_image_src":null,"author_info":{"display_name":"a025460","author_link":"https:\/\/people.unipi.it\/marco_dantraccoli\/author\/a025460\/"},"yoast_head":"<!-- This site is optimized with the Yoast SEO plugin v28.4 - https:\/\/yoast.com\/product\/yoast-seo-wordpress\/ -->\n<title>Concluso il primo congresso sugli Orti Botanici storici a Lisbona! - Marco D&#039;Antraccoli<\/title>\n<meta name=\"robots\" content=\"index, follow, max-snippet:-1, max-image-preview:large, max-video-preview:-1\" \/>\n<link rel=\"canonical\" href=\"https:\/\/people.unipi.it\/marco_dantraccoli\/concluso-il-primo-congresso-sugli-orti-botanici-a-lisbona\/\" \/>\n<meta property=\"og:locale\" content=\"it_IT\" \/>\n<meta property=\"og:type\" content=\"article\" \/>\n<meta property=\"og:title\" content=\"Concluso il primo congresso sugli Orti Botanici storici a Lisbona! - Marco D&#039;Antraccoli\" \/>\n<meta property=\"og:description\" content=\"Il nostro Orto Botanico ha partecipato al 1st International Congress of Historic Botanical Gardens, tenutosi al Museu Nacional de Hist\u00f3ria&hellip;Leggi tutto...\" \/>\n<meta property=\"og:url\" content=\"https:\/\/people.unipi.it\/marco_dantraccoli\/concluso-il-primo-congresso-sugli-orti-botanici-a-lisbona\/\" \/>\n<meta property=\"og:site_name\" content=\"Marco D&#039;Antraccoli\" \/>\n<meta property=\"article:published_time\" content=\"2021-10-13T15:18:00+00:00\" \/>\n<meta property=\"article:modified_time\" content=\"2025-10-17T08:12:08+00:00\" \/>\n<meta property=\"og:image\" content=\"https:\/\/people.unipi.it\/marco_dantraccoli\/wp-content\/uploads\/sites\/639\/2024\/07\/316959348_116797461250882_8352421997842751893_n-1.jpg\" \/>\n\t<meta property=\"og:image:width\" content=\"1080\" \/>\n\t<meta property=\"og:image:height\" content=\"595\" \/>\n\t<meta property=\"og:image:type\" content=\"image\/jpeg\" \/>\n<meta name=\"author\" content=\"a025460\" \/>\n<meta name=\"twitter:card\" content=\"summary_large_image\" \/>\n<meta name=\"twitter:label1\" content=\"Scritto da\" \/>\n\t<meta name=\"twitter:data1\" content=\"a025460\" \/>\n\t<meta name=\"twitter:label2\" content=\"Tempo di lettura stimato\" \/>\n\t<meta name=\"twitter:data2\" content=\"4 minuti\" \/>\n<script type=\"application\/ld+json\" class=\"yoast-schema-graph\">{\"@context\":\"https:\\\/\\\/schema.org\",\"@graph\":[{\"@type\":\"Article\",\"@id\":\"https:\\\/\\\/people.unipi.it\\\/marco_dantraccoli\\\/concluso-il-primo-congresso-sugli-orti-botanici-a-lisbona\\\/#article\",\"isPartOf\":{\"@id\":\"https:\\\/\\\/people.unipi.it\\\/marco_dantraccoli\\\/concluso-il-primo-congresso-sugli-orti-botanici-a-lisbona\\\/\"},\"author\":{\"name\":\"a025460\",\"@id\":\"https:\\\/\\\/people.unipi.it\\\/marco_dantraccoli\\\/#\\\/schema\\\/person\\\/b23d125a581bd1b693c2538ebada9a1d\"},\"headline\":\"Concluso il primo congresso sugli Orti Botanici storici a Lisbona!\",\"datePublished\":\"2021-10-13T15:18:00+00:00\",\"dateModified\":\"2025-10-17T08:12:08+00:00\",\"mainEntityOfPage\":{\"@id\":\"https:\\\/\\\/people.unipi.it\\\/marco_dantraccoli\\\/concluso-il-primo-congresso-sugli-orti-botanici-a-lisbona\\\/\"},\"wordCount\":344,\"image\":{\"@id\":\"https:\\\/\\\/people.unipi.it\\\/marco_dantraccoli\\\/concluso-il-primo-congresso-sugli-orti-botanici-a-lisbona\\\/#primaryimage\"},\"thumbnailUrl\":\"https:\\\/\\\/people.unipi.it\\\/marco_dantraccoli\\\/wp-content\\\/uploads\\\/sites\\\/639\\\/2024\\\/07\\\/316959348_116797461250882_8352421997842751893_n-1-1024x564.jpg\",\"articleSection\":[\"News\"],\"inLanguage\":\"it-IT\"},{\"@type\":\"WebPage\",\"@id\":\"https:\\\/\\\/people.unipi.it\\\/marco_dantraccoli\\\/concluso-il-primo-congresso-sugli-orti-botanici-a-lisbona\\\/\",\"url\":\"https:\\\/\\\/people.unipi.it\\\/marco_dantraccoli\\\/concluso-il-primo-congresso-sugli-orti-botanici-a-lisbona\\\/\",\"name\":\"Concluso il primo congresso sugli Orti Botanici storici a Lisbona! - Marco D'Antraccoli\",\"isPartOf\":{\"@id\":\"https:\\\/\\\/people.unipi.it\\\/marco_dantraccoli\\\/#website\"},\"primaryImageOfPage\":{\"@id\":\"https:\\\/\\\/people.unipi.it\\\/marco_dantraccoli\\\/concluso-il-primo-congresso-sugli-orti-botanici-a-lisbona\\\/#primaryimage\"},\"image\":{\"@id\":\"https:\\\/\\\/people.unipi.it\\\/marco_dantraccoli\\\/concluso-il-primo-congresso-sugli-orti-botanici-a-lisbona\\\/#primaryimage\"},\"thumbnailUrl\":\"https:\\\/\\\/people.unipi.it\\\/marco_dantraccoli\\\/wp-content\\\/uploads\\\/sites\\\/639\\\/2024\\\/07\\\/316959348_116797461250882_8352421997842751893_n-1-1024x564.jpg\",\"datePublished\":\"2021-10-13T15:18:00+00:00\",\"dateModified\":\"2025-10-17T08:12:08+00:00\",\"author\":{\"@id\":\"https:\\\/\\\/people.unipi.it\\\/marco_dantraccoli\\\/#\\\/schema\\\/person\\\/b23d125a581bd1b693c2538ebada9a1d\"},\"breadcrumb\":{\"@id\":\"https:\\\/\\\/people.unipi.it\\\/marco_dantraccoli\\\/concluso-il-primo-congresso-sugli-orti-botanici-a-lisbona\\\/#breadcrumb\"},\"inLanguage\":\"it-IT\",\"potentialAction\":[{\"@type\":\"ReadAction\",\"target\":[\"https:\\\/\\\/people.unipi.it\\\/marco_dantraccoli\\\/concluso-il-primo-congresso-sugli-orti-botanici-a-lisbona\\\/\"]}]},{\"@type\":\"ImageObject\",\"inLanguage\":\"it-IT\",\"@id\":\"https:\\\/\\\/people.unipi.it\\\/marco_dantraccoli\\\/concluso-il-primo-congresso-sugli-orti-botanici-a-lisbona\\\/#primaryimage\",\"url\":\"https:\\\/\\\/people.unipi.it\\\/marco_dantraccoli\\\/wp-content\\\/uploads\\\/sites\\\/639\\\/2024\\\/07\\\/316959348_116797461250882_8352421997842751893_n-1.jpg\",\"contentUrl\":\"https:\\\/\\\/people.unipi.it\\\/marco_dantraccoli\\\/wp-content\\\/uploads\\\/sites\\\/639\\\/2024\\\/07\\\/316959348_116797461250882_8352421997842751893_n-1.jpg\",\"width\":1080,\"height\":595},{\"@type\":\"BreadcrumbList\",\"@id\":\"https:\\\/\\\/people.unipi.it\\\/marco_dantraccoli\\\/concluso-il-primo-congresso-sugli-orti-botanici-a-lisbona\\\/#breadcrumb\",\"itemListElement\":[{\"@type\":\"ListItem\",\"position\":1,\"name\":\"Home\",\"item\":\"https:\\\/\\\/people.unipi.it\\\/marco_dantraccoli\\\/\"},{\"@type\":\"ListItem\",\"position\":2,\"name\":\"Concluso il primo congresso sugli Orti Botanici storici a Lisbona!\"}]},{\"@type\":\"WebSite\",\"@id\":\"https:\\\/\\\/people.unipi.it\\\/marco_dantraccoli\\\/#website\",\"url\":\"https:\\\/\\\/people.unipi.it\\\/marco_dantraccoli\\\/\",\"name\":\"Marco D'Antraccoli\",\"description\":\"\",\"potentialAction\":[{\"@type\":\"SearchAction\",\"target\":{\"@type\":\"EntryPoint\",\"urlTemplate\":\"https:\\\/\\\/people.unipi.it\\\/marco_dantraccoli\\\/?s={search_term_string}\"},\"query-input\":{\"@type\":\"PropertyValueSpecification\",\"valueRequired\":true,\"valueName\":\"search_term_string\"}}],\"inLanguage\":\"it-IT\"},{\"@type\":\"Person\",\"@id\":\"https:\\\/\\\/people.unipi.it\\\/marco_dantraccoli\\\/#\\\/schema\\\/person\\\/b23d125a581bd1b693c2538ebada9a1d\",\"name\":\"a025460\",\"image\":{\"@type\":\"ImageObject\",\"inLanguage\":\"it-IT\",\"@id\":\"https:\\\/\\\/secure.gravatar.com\\\/avatar\\\/5b623c92a189e83d7292bcf8e788d878501240dffdf1518c4b014542288a7601?s=96&d=mm&r=g\",\"url\":\"https:\\\/\\\/secure.gravatar.com\\\/avatar\\\/5b623c92a189e83d7292bcf8e788d878501240dffdf1518c4b014542288a7601?s=96&d=mm&r=g\",\"contentUrl\":\"https:\\\/\\\/secure.gravatar.com\\\/avatar\\\/5b623c92a189e83d7292bcf8e788d878501240dffdf1518c4b014542288a7601?s=96&d=mm&r=g\",\"caption\":\"a025460\"},\"url\":\"https:\\\/\\\/people.unipi.it\\\/marco_dantraccoli\\\/author\\\/a025460\\\/\"}]}<\/script>\n<!-- \/ Yoast SEO plugin. -->","yoast_head_json":{"title":"Concluso il primo congresso sugli Orti Botanici storici a Lisbona! - Marco D'Antraccoli","robots":{"index":"index","follow":"follow","max-snippet":"max-snippet:-1","max-image-preview":"max-image-preview:large","max-video-preview":"max-video-preview:-1"},"canonical":"https:\/\/people.unipi.it\/marco_dantraccoli\/concluso-il-primo-congresso-sugli-orti-botanici-a-lisbona\/","og_locale":"it_IT","og_type":"article","og_title":"Concluso il primo congresso sugli Orti Botanici storici a Lisbona! - Marco D'Antraccoli","og_description":"Il nostro Orto Botanico ha partecipato al 1st International Congress of Historic Botanical Gardens, tenutosi al Museu Nacional de Hist\u00f3ria&hellip;Leggi tutto...","og_url":"https:\/\/people.unipi.it\/marco_dantraccoli\/concluso-il-primo-congresso-sugli-orti-botanici-a-lisbona\/","og_site_name":"Marco D'Antraccoli","article_published_time":"2021-10-13T15:18:00+00:00","article_modified_time":"2025-10-17T08:12:08+00:00","og_image":[{"width":1080,"height":595,"url":"https:\/\/people.unipi.it\/marco_dantraccoli\/wp-content\/uploads\/sites\/639\/2024\/07\/316959348_116797461250882_8352421997842751893_n-1.jpg","type":"image\/jpeg"}],"author":"a025460","twitter_card":"summary_large_image","twitter_misc":{"Scritto da":"a025460","Tempo di lettura stimato":"4 minuti"},"schema":{"@context":"https:\/\/schema.org","@graph":[{"@type":"Article","@id":"https:\/\/people.unipi.it\/marco_dantraccoli\/concluso-il-primo-congresso-sugli-orti-botanici-a-lisbona\/#article","isPartOf":{"@id":"https:\/\/people.unipi.it\/marco_dantraccoli\/concluso-il-primo-congresso-sugli-orti-botanici-a-lisbona\/"},"author":{"name":"a025460","@id":"https:\/\/people.unipi.it\/marco_dantraccoli\/#\/schema\/person\/b23d125a581bd1b693c2538ebada9a1d"},"headline":"Concluso il primo congresso sugli Orti Botanici storici a Lisbona!","datePublished":"2021-10-13T15:18:00+00:00","dateModified":"2025-10-17T08:12:08+00:00","mainEntityOfPage":{"@id":"https:\/\/people.unipi.it\/marco_dantraccoli\/concluso-il-primo-congresso-sugli-orti-botanici-a-lisbona\/"},"wordCount":344,"image":{"@id":"https:\/\/people.unipi.it\/marco_dantraccoli\/concluso-il-primo-congresso-sugli-orti-botanici-a-lisbona\/#primaryimage"},"thumbnailUrl":"https:\/\/people.unipi.it\/marco_dantraccoli\/wp-content\/uploads\/sites\/639\/2024\/07\/316959348_116797461250882_8352421997842751893_n-1-1024x564.jpg","articleSection":["News"],"inLanguage":"it-IT"},{"@type":"WebPage","@id":"https:\/\/people.unipi.it\/marco_dantraccoli\/concluso-il-primo-congresso-sugli-orti-botanici-a-lisbona\/","url":"https:\/\/people.unipi.it\/marco_dantraccoli\/concluso-il-primo-congresso-sugli-orti-botanici-a-lisbona\/","name":"Concluso il primo congresso sugli Orti Botanici storici a Lisbona! - Marco D'Antraccoli","isPartOf":{"@id":"https:\/\/people.unipi.it\/marco_dantraccoli\/#website"},"primaryImageOfPage":{"@id":"https:\/\/people.unipi.it\/marco_dantraccoli\/concluso-il-primo-congresso-sugli-orti-botanici-a-lisbona\/#primaryimage"},"image":{"@id":"https:\/\/people.unipi.it\/marco_dantraccoli\/concluso-il-primo-congresso-sugli-orti-botanici-a-lisbona\/#primaryimage"},"thumbnailUrl":"https:\/\/people.unipi.it\/marco_dantraccoli\/wp-content\/uploads\/sites\/639\/2024\/07\/316959348_116797461250882_8352421997842751893_n-1-1024x564.jpg","datePublished":"2021-10-13T15:18:00+00:00","dateModified":"2025-10-17T08:12:08+00:00","author":{"@id":"https:\/\/people.unipi.it\/marco_dantraccoli\/#\/schema\/person\/b23d125a581bd1b693c2538ebada9a1d"},"breadcrumb":{"@id":"https:\/\/people.unipi.it\/marco_dantraccoli\/concluso-il-primo-congresso-sugli-orti-botanici-a-lisbona\/#breadcrumb"},"inLanguage":"it-IT","potentialAction":[{"@type":"ReadAction","target":["https:\/\/people.unipi.it\/marco_dantraccoli\/concluso-il-primo-congresso-sugli-orti-botanici-a-lisbona\/"]}]},{"@type":"ImageObject","inLanguage":"it-IT","@id":"https:\/\/people.unipi.it\/marco_dantraccoli\/concluso-il-primo-congresso-sugli-orti-botanici-a-lisbona\/#primaryimage","url":"https:\/\/people.unipi.it\/marco_dantraccoli\/wp-content\/uploads\/sites\/639\/2024\/07\/316959348_116797461250882_8352421997842751893_n-1.jpg","contentUrl":"https:\/\/people.unipi.it\/marco_dantraccoli\/wp-content\/uploads\/sites\/639\/2024\/07\/316959348_116797461250882_8352421997842751893_n-1.jpg","width":1080,"height":595},{"@type":"BreadcrumbList","@id":"https:\/\/people.unipi.it\/marco_dantraccoli\/concluso-il-primo-congresso-sugli-orti-botanici-a-lisbona\/#breadcrumb","itemListElement":[{"@type":"ListItem","position":1,"name":"Home","item":"https:\/\/people.unipi.it\/marco_dantraccoli\/"},{"@type":"ListItem","position":2,"name":"Concluso il primo congresso sugli Orti Botanici storici a Lisbona!"}]},{"@type":"WebSite","@id":"https:\/\/people.unipi.it\/marco_dantraccoli\/#website","url":"https:\/\/people.unipi.it\/marco_dantraccoli\/","name":"Marco D'Antraccoli","description":"","potentialAction":[{"@type":"SearchAction","target":{"@type":"EntryPoint","urlTemplate":"https:\/\/people.unipi.it\/marco_dantraccoli\/?s={search_term_string}"},"query-input":{"@type":"PropertyValueSpecification","valueRequired":true,"valueName":"search_term_string"}}],"inLanguage":"it-IT"},{"@type":"Person","@id":"https:\/\/people.unipi.it\/marco_dantraccoli\/#\/schema\/person\/b23d125a581bd1b693c2538ebada9a1d","name":"a025460","image":{"@type":"ImageObject","inLanguage":"it-IT","@id":"https:\/\/secure.gravatar.com\/avatar\/5b623c92a189e83d7292bcf8e788d878501240dffdf1518c4b014542288a7601?s=96&d=mm&r=g","url":"https:\/\/secure.gravatar.com\/avatar\/5b623c92a189e83d7292bcf8e788d878501240dffdf1518c4b014542288a7601?s=96&d=mm&r=g","contentUrl":"https:\/\/secure.gravatar.com\/avatar\/5b623c92a189e83d7292bcf8e788d878501240dffdf1518c4b014542288a7601?s=96&d=mm&r=g","caption":"a025460"},"url":"https:\/\/people.unipi.it\/marco_dantraccoli\/author\/a025460\/"}]}},"_links":{"self":[{"href":"https:\/\/people.unipi.it\/marco_dantraccoli\/wp-json\/wp\/v2\/posts\/640","targetHints":{"allow":["GET"]}}],"collection":[{"href":"https:\/\/people.unipi.it\/marco_dantraccoli\/wp-json\/wp\/v2\/posts"}],"about":[{"href":"https:\/\/people.unipi.it\/marco_dantraccoli\/wp-json\/wp\/v2\/types\/post"}],"author":[{"embeddable":true,"href":"https:\/\/people.unipi.it\/marco_dantraccoli\/wp-json\/wp\/v2\/users\/674"}],"replies":[{"embeddable":true,"href":"https:\/\/people.unipi.it\/marco_dantraccoli\/wp-json\/wp\/v2\/comments?post=640"}],"version-history":[{"count":9,"href":"https:\/\/people.unipi.it\/marco_dantraccoli\/wp-json\/wp\/v2\/posts\/640\/revisions"}],"predecessor-version":[{"id":807,"href":"https:\/\/people.unipi.it\/marco_dantraccoli\/wp-json\/wp\/v2\/posts\/640\/revisions\/807"}],"wp:attachment":[{"href":"https:\/\/people.unipi.it\/marco_dantraccoli\/wp-json\/wp\/v2\/media?parent=640"}],"wp:term":[{"taxonomy":"category","embeddable":true,"href":"https:\/\/people.unipi.it\/marco_dantraccoli\/wp-json\/wp\/v2\/categories?post=640"},{"taxonomy":"post_tag","embeddable":true,"href":"https:\/\/people.unipi.it\/marco_dantraccoli\/wp-json\/wp\/v2\/tags?post=640"}],"curies":[{"name":"wp","href":"https:\/\/api.w.org\/{rel}","templated":true}]}}